{"id":223,"date":"2017-03-29T22:19:05","date_gmt":"2017-03-29T21:19:05","guid":{"rendered":"http:\/\/www.imenik-podjetij.com\/nasveti\/?p=223"},"modified":"2017-05-04T08:19:08","modified_gmt":"2017-05-04T07:19:08","slug":"kako-organizirati-facebook-dogodek","status":"publish","type":"post","link":"https:\/\/www.imenik-podjetij.com\/nasveti\/kako-organizirati-facebook-dogodek\/","title":{"rendered":"Kako organizirati Facebook dogodek"},"content":{"rendered":"<p style=\"text-align: center; color: #686868;\">\u201cSocial media creates communities, not markets.\u201d<\/p>\n<p style=\"text-align: center; color: #686868;\">&#8211; Don Schulz<\/p>\n<p>V kolikor va\u0161e podjetje organizira dogodke, delavnice, izobra\u017eevanja ali morda samo spro\u0161\u010dena dru\u017eenja, izkoristite brezpla\u010dno funkcijo povabila na dogodke na Facebooku. Z objavo dogodka na Facebooku lahko \u0161ir\u0161o publiko opozorite nase in poskrbite, da se bo novica hitro raz\u0161irila. Facebook dogodke lahko zelo dobro izkoristite tudi za povabilo na otvoritev va\u0161ega novega obrata. V naslednjih vrsticah bom opisala, kako dogodek ustvariti in kako poskrbeti, da bo zanj izvedelo \u010dim ve\u010d ciljnih strank.<\/p>\n<p><img loading=\"lazy\" decoding=\"async\" class=\"aligncenter wp-image-224 size-large\" src=\"http:\/\/www.imenik-podjetij.com\/nasveti\/wp-content\/uploads\/2017\/03\/season-1985856_1920-1024x732.jpg\" alt=\"Facebook dogodek\" width=\"750\" height=\"536\" srcset=\"https:\/\/www.imenik-podjetij.com\/nasveti\/wp-content\/uploads\/2017\/03\/season-1985856_1920-1024x732.jpg 1024w, https:\/\/www.imenik-podjetij.com\/nasveti\/wp-content\/uploads\/2017\/03\/season-1985856_1920-300x215.jpg 300w, https:\/\/www.imenik-podjetij.com\/nasveti\/wp-content\/uploads\/2017\/03\/season-1985856_1920-768x549.jpg 768w, https:\/\/www.imenik-podjetij.com\/nasveti\/wp-content\/uploads\/2017\/03\/season-1985856_1920.jpg 1920w\" sizes=\"auto, (max-width: 750px) 100vw, 750px\" \/><\/p>\n<h3><b>Javen ali zaseben dogodek<\/b><\/h3>\n<p>Na za\u010detku se morate odlo\u010diti, ali bo va\u0161 dogodek zaseben ali javen. Razlika je zgolj v temu, da bo javen dogodek viden vsakomur na Facebooku, vsi pa bodo imeli tudi mo\u017enost vabljenja svojih prijateljev, komentiranja in deljenja dogodka. \u010ce izberete zasebno mo\u017enost, bo dogodek viden samo povabljenim. Samo povabljeni pa bodo tudi lahko komentiral in objavljali vsebine pod dogodkom.<\/p>\n<h3><b>Ne pozabite na glavne sestavine<\/b><\/h3>\n<p>Dogodku na Facebooku dolo\u010dite ime, ki bo dobro opisalo naravo va\u0161ega dogodka, hkrati pa pokazalo tudi bolj spro\u0161\u010deno stran va\u0161ega podjetja. Priporo\u010dljivo je, da poleg pripnete tudi sliko, ki naj bo v povezavi s temo dogodka. V naslednjem koraku dolo\u010dite datum in uro za\u010detka in konca dogodka. V nadaljevanju je pomembno, da dobro opi\u0161ete namen in temo dogodka, da bodo povabljeni vedeli, kaj pri\u010dakovati. Zelo pomembno je tudi, da vpi\u0161ete nekaj klju\u010dnih besed. Klju\u010dne besede so tiste besede, za katere mislite, da jih bodo uporabniki uporabili, ko bodo va\u0161 dogodek oz. va\u0161e podjetje iskali. S kljukico imate mo\u017enost ozna\u010diti, ali je va\u0161 dogodek brezpla\u010den ali\/in otrokom prijazen.<\/p>\n<h3><b>Prodaja vstopnic<\/b><\/h3>\n<p>V kolikor za dogodek prodajate vstopnice, je zelo pomembno, da dodate povezavo do spletne strani, kjer se vstopnice prodajajo. Le tako bodo na dosegu roke vsem, ki se bodo dogodka \u017eeleli udele\u017eiti. Prihranili pa jim boste tudi nekaj sitnosti pri iskanju vstopnic.<\/p>\n<h3><b>Pove\u017eite se s partnerji<\/b><\/h3>\n<p>\u010ce dogodek organizirate \u0161e s kak\u0161nim partnerjem, ga lahko dodate kot soorganizatorja in na tak na\u010din \u0161e pove\u010date mo\u017enost, da bo beseda o va\u0161em dogodku dosegla \u010dim ve\u010d uporabnikov. Dogodek lahko va\u0161i partnerji dodajo v svoj koledar\u010dek, kjer bo na vpogled vsakemu interesentu.<\/p>\n<p>Na koncu dolo\u010dite, kdo lahko pod dogodek objavlja vsebine. V kolikor se dolo\u010dite za mo\u017enost, da to lahko po\u010dne kdorkoli, pazite, da boste redno prisotni in da boste vestno in v doglednem \u010dasu odgovorili na vsako postavljeno vpra\u0161anje.<\/p>\n\n\n<div class=\"kk-star-ratings kksr-auto kksr-align-left kksr-valign-bottom\"\n    data-payload='{&quot;align&quot;:&quot;left&quot;,&quot;id&quot;:&quot;223&quot;,&quot;slug&quot;:&quot;default&quot;,&quot;valign&quot;:&quot;bottom&quot;,&quot;ignore&quot;:&quot;&quot;,&quot;reference&quot;:&quot;auto&quot;,&quot;class&quot;:&quot;&quot;,&quot;count&quot;:&quot;1&quot;,&quot;legendonly&quot;:&quot;&quot;,&quot;readonly&quot;:&quot;&quot;,&quot;score&quot;:&quot;5&quot;,&quot;starsonly&quot;:&quot;&quot;,&quot;best&quot;:&quot;5&quot;,&quot;gap&quot;:&quot;5&quot;,&quot;greet&quot;:&quot;Oceni prispevek&quot;,&quot;legend&quot;:&quot;5\\\/5 - (1 vote)&quot;,&quot;size&quot;:&quot;24&quot;,&quot;title&quot;:&quot;Kako organizirati Facebook dogodek&quot;,&quot;width&quot;:&quot;142.5&quot;,&quot;_legend&quot;:&quot;{score}\\\/{best} - ({count} {votes})&quot;,&quot;font_factor&quot;:&quot;1.25&quot;}'>\n            \n<div class=\"kksr-stars\">\n    \n<div class=\"kksr-stars-inactive\">\n            <div class=\"kksr-star\" data-star=\"1\" style=\"padding-right: 5px\">\n            \n\n<div class=\"kksr-icon\" style=\"width: 24px; height: 24px;\"><\/div>\n        <\/div>\n            <div class=\"kksr-star\" data-star=\"2\" style=\"padding-right: 5px\">\n            \n\n<div class=\"kksr-icon\" style=\"width: 24px; height: 24px;\"><\/div>\n        <\/div>\n            <div class=\"kksr-star\" data-star=\"3\" style=\"padding-right: 5px\">\n            \n\n<div class=\"kksr-icon\" style=\"width: 24px; height: 24px;\"><\/div>\n        <\/div>\n            <div class=\"kksr-star\" data-star=\"4\" style=\"padding-right: 5px\">\n            \n\n<div class=\"kksr-icon\" style=\"width: 24px; height: 24px;\"><\/div>\n        <\/div>\n            <div class=\"kksr-star\" data-star=\"5\" style=\"padding-right: 5px\">\n            \n\n<div class=\"kksr-icon\" style=\"width: 24px; height: 24px;\"><\/div>\n        <\/div>\n    <\/div>\n    \n<div class=\"kksr-stars-active\" style=\"width: 142.5px;\">\n            <div class=\"kksr-star\" style=\"padding-right: 5px\">\n            \n\n<div class=\"kksr-icon\" style=\"width: 24px; height: 24px;\"><\/div>\n        <\/div>\n            <div class=\"kksr-star\" style=\"padding-right: 5px\">\n            \n\n<div class=\"kksr-icon\" style=\"width: 24px; height: 24px;\"><\/div>\n        <\/div>\n            <div class=\"kksr-star\" style=\"padding-right: 5px\">\n            \n\n<div class=\"kksr-icon\" style=\"width: 24px; height: 24px;\"><\/div>\n        <\/div>\n            <div class=\"kksr-star\" style=\"padding-right: 5px\">\n            \n\n<div class=\"kksr-icon\" style=\"width: 24px; height: 24px;\"><\/div>\n        <\/div>\n            <div class=\"kksr-star\" style=\"padding-right: 5px\">\n            \n\n<div class=\"kksr-icon\" style=\"width: 24px; height: 24px;\"><\/div>\n        <\/div>\n    <\/div>\n<\/div>\n                \n\n<div class=\"kksr-legend\" style=\"font-size: 19.2px;\">\n            5\/5 - (1 vote)    <\/div>\n    <\/div>\n","protected":false},"excerpt":{"rendered":"<p>\u201cSocial media creates communities, not markets.\u201d &#8211; Don Schulz V kolikor va\u0161e podjetje organizira dogodke, delavnice, izobra\u017eevanja ali morda samo spro\u0161\u010dena dru\u017eenja, izkoristite brezpla\u010dno funkcijo povabila na dogodke na Facebooku. Z objavo dogodka na Facebooku lahko \u0161ir\u0161o publiko opozorite nase<\/p>\n","protected":false},"author":2,"featured_media":224,"comment_status":"open","ping_status":"open","sticky":false,"template":"","format":"standard","meta":{"footnotes":""},"categories":[1],"tags":[],"class_list":["post-223","post","type-post","status-publish","format-standard","has-post-thumbnail","hentry","category-marketing-druzbenih-omrezij"],"yoast_head":"<title>Kako organizirati Facebook dogodek<\/title>\n<meta name=\"description\" content=\"\u201cSocial media creates communities, not markets.\u201d - Don Schulz V kolikor va\u0161e podjetje organizira dogodke, delavnice, izobra\u017eevanja ali morda samo\" \/>\n<meta name=\"robots\" content=\"index, follow, max-snippet:-1, max-image-preview:large, max-video-preview:-1\" \/>\n<link rel=\"canonical\" href=\"https:\/\/www.imenik-podjetij.com\/nasveti\/kako-organizirati-facebook-dogodek\/\" \/>\n<meta property=\"og:locale\" content=\"sl_SI\" \/>\n<meta property=\"og:type\" content=\"article\" \/>\n<meta property=\"og:title\" content=\"Kako organizirati Facebook dogodek\" \/>\n<meta property=\"og:description\" content=\"\u201cSocial media creates communities, not markets.\u201d - Don Schulz V kolikor va\u0161e podjetje organizira dogodke, delavnice, izobra\u017eevanja ali morda samo\" \/>\n<meta property=\"og:url\" content=\"https:\/\/www.imenik-podjetij.com\/nasveti\/kako-organizirati-facebook-dogodek\/\" \/>\n<meta property=\"og:site_name\" content=\"Ogla\u0161evalski koti\u010dek\" \/>\n<meta property=\"article:published_time\" content=\"2017-03-29T21:19:05+00:00\" \/>\n<meta property=\"article:modified_time\" content=\"2017-05-04T07:19:08+00:00\" \/>\n<meta property=\"og:image\" content=\"https:\/\/www.imenik-podjetij.com\/nasveti\/wp-content\/uploads\/2017\/03\/season-1985856_1920.jpg\" \/>\n\t<meta property=\"og:image:width\" content=\"1920\" \/>\n\t<meta property=\"og:image:height\" content=\"1373\" \/>\n\t<meta property=\"og:image:type\" content=\"image\/jpeg\" \/>\n<meta name=\"author\" content=\"Mojca Frelih\" \/>\n<meta name=\"twitter:card\" content=\"summary_large_image\" \/>\n<meta name=\"twitter:label1\" content=\"Written by\" \/>\n\t<meta name=\"twitter:data1\" content=\"Mojca Frelih\" \/>\n\t<meta name=\"twitter:label2\" content=\"Est. reading time\" \/>\n\t<meta name=\"twitter:data2\" content=\"2 minuti\" \/>\n<script type=\"application\/ld+json\" class=\"yoast-schema-graph\">{\"@context\":\"https:\\\/\\\/schema.org\",\"@graph\":[{\"@type\":\"Article\",\"@id\":\"https:\\\/\\\/www.imenik-podjetij.com\\\/nasveti\\\/kako-organizirati-facebook-dogodek\\\/#article\",\"isPartOf\":{\"@id\":\"https:\\\/\\\/www.imenik-podjetij.com\\\/nasveti\\\/kako-organizirati-facebook-dogodek\\\/\"},\"author\":{\"name\":\"Mojca Frelih\",\"@id\":\"https:\\\/\\\/www.imenik-podjetij.com\\\/nasveti\\\/#\\\/schema\\\/person\\\/3120f1c20855a449ec78cba2b9e10d63\"},\"headline\":\"Kako organizirati Facebook dogodek\",\"datePublished\":\"2017-03-29T21:19:05+00:00\",\"dateModified\":\"2017-05-04T07:19:08+00:00\",\"mainEntityOfPage\":{\"@id\":\"https:\\\/\\\/www.imenik-podjetij.com\\\/nasveti\\\/kako-organizirati-facebook-dogodek\\\/\"},\"wordCount\":432,\"commentCount\":0,\"publisher\":{\"@id\":\"https:\\\/\\\/www.imenik-podjetij.com\\\/nasveti\\\/#organization\"},\"image\":{\"@id\":\"https:\\\/\\\/www.imenik-podjetij.com\\\/nasveti\\\/kako-organizirati-facebook-dogodek\\\/#primaryimage\"},\"thumbnailUrl\":\"https:\\\/\\\/www.imenik-podjetij.com\\\/nasveti\\\/wp-content\\\/uploads\\\/2017\\\/03\\\/season-1985856_1920.jpg\",\"articleSection\":[\"Marketing dru\u017ebenih omre\u017eij\"],\"inLanguage\":\"sl-SI\",\"potentialAction\":[{\"@type\":\"CommentAction\",\"name\":\"Comment\",\"target\":[\"https:\\\/\\\/www.imenik-podjetij.com\\\/nasveti\\\/kako-organizirati-facebook-dogodek\\\/#respond\"]}]},{\"@type\":\"WebPage\",\"@id\":\"https:\\\/\\\/www.imenik-podjetij.com\\\/nasveti\\\/kako-organizirati-facebook-dogodek\\\/\",\"url\":\"https:\\\/\\\/www.imenik-podjetij.com\\\/nasveti\\\/kako-organizirati-facebook-dogodek\\\/\",\"name\":\"Kako organizirati Facebook dogodek\",\"isPartOf\":{\"@id\":\"https:\\\/\\\/www.imenik-podjetij.com\\\/nasveti\\\/#website\"},\"primaryImageOfPage\":{\"@id\":\"https:\\\/\\\/www.imenik-podjetij.com\\\/nasveti\\\/kako-organizirati-facebook-dogodek\\\/#primaryimage\"},\"image\":{\"@id\":\"https:\\\/\\\/www.imenik-podjetij.com\\\/nasveti\\\/kako-organizirati-facebook-dogodek\\\/#primaryimage\"},\"thumbnailUrl\":\"https:\\\/\\\/www.imenik-podjetij.com\\\/nasveti\\\/wp-content\\\/uploads\\\/2017\\\/03\\\/season-1985856_1920.jpg\",\"datePublished\":\"2017-03-29T21:19:05+00:00\",\"dateModified\":\"2017-05-04T07:19:08+00:00\",\"description\":\"\u201cSocial media creates communities, not markets.\u201d - Don Schulz V kolikor va\u0161e podjetje organizira dogodke, delavnice, izobra\u017eevanja ali morda samo\",\"breadcrumb\":{\"@id\":\"https:\\\/\\\/www.imenik-podjetij.com\\\/nasveti\\\/kako-organizirati-facebook-dogodek\\\/#breadcrumb\"},\"inLanguage\":\"sl-SI\",\"potentialAction\":[{\"@type\":\"ReadAction\",\"target\":[\"https:\\\/\\\/www.imenik-podjetij.com\\\/nasveti\\\/kako-organizirati-facebook-dogodek\\\/\"]}]},{\"@type\":\"ImageObject\",\"inLanguage\":\"sl-SI\",\"@id\":\"https:\\\/\\\/www.imenik-podjetij.com\\\/nasveti\\\/kako-organizirati-facebook-dogodek\\\/#primaryimage\",\"url\":\"https:\\\/\\\/www.imenik-podjetij.com\\\/nasveti\\\/wp-content\\\/uploads\\\/2017\\\/03\\\/season-1985856_1920.jpg\",\"contentUrl\":\"https:\\\/\\\/www.imenik-podjetij.com\\\/nasveti\\\/wp-content\\\/uploads\\\/2017\\\/03\\\/season-1985856_1920.jpg\",\"width\":1920,\"height\":1373},{\"@type\":\"BreadcrumbList\",\"@id\":\"https:\\\/\\\/www.imenik-podjetij.com\\\/nasveti\\\/kako-organizirati-facebook-dogodek\\\/#breadcrumb\",\"itemListElement\":[{\"@type\":\"ListItem\",\"position\":1,\"name\":\"Home\",\"item\":\"https:\\\/\\\/www.imenik-podjetij.com\\\/nasveti\\\/\"},{\"@type\":\"ListItem\",\"position\":2,\"name\":\"Kako organizirati Facebook dogodek\"}]},{\"@type\":\"WebSite\",\"@id\":\"https:\\\/\\\/www.imenik-podjetij.com\\\/nasveti\\\/#website\",\"url\":\"https:\\\/\\\/www.imenik-podjetij.com\\\/nasveti\\\/\",\"name\":\"Ogla\u0161evalski koti\u010dek\",\"description\":\"Marketin\u0161ki nasveti\",\"publisher\":{\"@id\":\"https:\\\/\\\/www.imenik-podjetij.com\\\/nasveti\\\/#organization\"},\"potentialAction\":[{\"@type\":\"SearchAction\",\"target\":{\"@type\":\"EntryPoint\",\"urlTemplate\":\"https:\\\/\\\/www.imenik-podjetij.com\\\/nasveti\\\/?s={search_term_string}\"},\"query-input\":{\"@type\":\"PropertyValueSpecification\",\"valueRequired\":true,\"valueName\":\"search_term_string\"}}],\"inLanguage\":\"sl-SI\"},{\"@type\":\"Organization\",\"@id\":\"https:\\\/\\\/www.imenik-podjetij.com\\\/nasveti\\\/#organization\",\"name\":\"Mihov.com spletne storitve d.o.o.\",\"url\":\"https:\\\/\\\/www.imenik-podjetij.com\\\/nasveti\\\/\",\"logo\":{\"@type\":\"ImageObject\",\"inLanguage\":\"sl-SI\",\"@id\":\"https:\\\/\\\/www.imenik-podjetij.com\\\/nasveti\\\/#\\\/schema\\\/logo\\\/image\\\/\",\"url\":\"https:\\\/\\\/www.imenik-podjetij.com\\\/nasveti\\\/wp-content\\\/uploads\\\/2016\\\/12\\\/logo2-nov.png\",\"contentUrl\":\"https:\\\/\\\/www.imenik-podjetij.com\\\/nasveti\\\/wp-content\\\/uploads\\\/2016\\\/12\\\/logo2-nov.png\",\"width\":359,\"height\":124,\"caption\":\"Mihov.com spletne storitve d.o.o.\"},\"image\":{\"@id\":\"https:\\\/\\\/www.imenik-podjetij.com\\\/nasveti\\\/#\\\/schema\\\/logo\\\/image\\\/\"}},{\"@type\":\"Person\",\"@id\":\"https:\\\/\\\/www.imenik-podjetij.com\\\/nasveti\\\/#\\\/schema\\\/person\\\/3120f1c20855a449ec78cba2b9e10d63\",\"name\":\"Mojca Frelih\",\"url\":\"https:\\\/\\\/www.imenik-podjetij.com\\\/nasveti\\\/author\\\/mojca\\\/\"}]}<\/script>","yoast_head_json":{"title":"Kako organizirati Facebook dogodek","description":"\u201cSocial media creates communities, not markets.\u201d - Don Schulz V kolikor va\u0161e podjetje organizira dogodke, delavnice, izobra\u017eevanja ali morda samo","robots":{"index":"index","follow":"follow","max-snippet":"max-snippet:-1","max-image-preview":"max-image-preview:large","max-video-preview":"max-video-preview:-1"},"canonical":"https:\/\/www.imenik-podjetij.com\/nasveti\/kako-organizirati-facebook-dogodek\/","og_locale":"sl_SI","og_type":"article","og_title":"Kako organizirati Facebook dogodek","og_description":"\u201cSocial media creates communities, not markets.\u201d - Don Schulz V kolikor va\u0161e podjetje organizira dogodke, delavnice, izobra\u017eevanja ali morda samo","og_url":"https:\/\/www.imenik-podjetij.com\/nasveti\/kako-organizirati-facebook-dogodek\/","og_site_name":"Ogla\u0161evalski koti\u010dek","article_published_time":"2017-03-29T21:19:05+00:00","article_modified_time":"2017-05-04T07:19:08+00:00","og_image":[{"width":1920,"height":1373,"url":"https:\/\/www.imenik-podjetij.com\/nasveti\/wp-content\/uploads\/2017\/03\/season-1985856_1920.jpg","type":"image\/jpeg"}],"author":"Mojca Frelih","twitter_card":"summary_large_image","twitter_misc":{"Written by":"Mojca Frelih","Est. reading time":"2 minuti"},"schema":{"@context":"https:\/\/schema.org","@graph":[{"@type":"Article","@id":"https:\/\/www.imenik-podjetij.com\/nasveti\/kako-organizirati-facebook-dogodek\/#article","isPartOf":{"@id":"https:\/\/www.imenik-podjetij.com\/nasveti\/kako-organizirati-facebook-dogodek\/"},"author":{"name":"Mojca Frelih","@id":"https:\/\/www.imenik-podjetij.com\/nasveti\/#\/schema\/person\/3120f1c20855a449ec78cba2b9e10d63"},"headline":"Kako organizirati Facebook dogodek","datePublished":"2017-03-29T21:19:05+00:00","dateModified":"2017-05-04T07:19:08+00:00","mainEntityOfPage":{"@id":"https:\/\/www.imenik-podjetij.com\/nasveti\/kako-organizirati-facebook-dogodek\/"},"wordCount":432,"commentCount":0,"publisher":{"@id":"https:\/\/www.imenik-podjetij.com\/nasveti\/#organization"},"image":{"@id":"https:\/\/www.imenik-podjetij.com\/nasveti\/kako-organizirati-facebook-dogodek\/#primaryimage"},"thumbnailUrl":"https:\/\/www.imenik-podjetij.com\/nasveti\/wp-content\/uploads\/2017\/03\/season-1985856_1920.jpg","articleSection":["Marketing dru\u017ebenih omre\u017eij"],"inLanguage":"sl-SI","potentialAction":[{"@type":"CommentAction","name":"Comment","target":["https:\/\/www.imenik-podjetij.com\/nasveti\/kako-organizirati-facebook-dogodek\/#respond"]}]},{"@type":"WebPage","@id":"https:\/\/www.imenik-podjetij.com\/nasveti\/kako-organizirati-facebook-dogodek\/","url":"https:\/\/www.imenik-podjetij.com\/nasveti\/kako-organizirati-facebook-dogodek\/","name":"Kako organizirati Facebook dogodek","isPartOf":{"@id":"https:\/\/www.imenik-podjetij.com\/nasveti\/#website"},"primaryImageOfPage":{"@id":"https:\/\/www.imenik-podjetij.com\/nasveti\/kako-organizirati-facebook-dogodek\/#primaryimage"},"image":{"@id":"https:\/\/www.imenik-podjetij.com\/nasveti\/kako-organizirati-facebook-dogodek\/#primaryimage"},"thumbnailUrl":"https:\/\/www.imenik-podjetij.com\/nasveti\/wp-content\/uploads\/2017\/03\/season-1985856_1920.jpg","datePublished":"2017-03-29T21:19:05+00:00","dateModified":"2017-05-04T07:19:08+00:00","description":"\u201cSocial media creates communities, not markets.\u201d - Don Schulz V kolikor va\u0161e podjetje organizira dogodke, delavnice, izobra\u017eevanja ali morda samo","breadcrumb":{"@id":"https:\/\/www.imenik-podjetij.com\/nasveti\/kako-organizirati-facebook-dogodek\/#breadcrumb"},"inLanguage":"sl-SI","potentialAction":[{"@type":"ReadAction","target":["https:\/\/www.imenik-podjetij.com\/nasveti\/kako-organizirati-facebook-dogodek\/"]}]},{"@type":"ImageObject","inLanguage":"sl-SI","@id":"https:\/\/www.imenik-podjetij.com\/nasveti\/kako-organizirati-facebook-dogodek\/#primaryimage","url":"https:\/\/www.imenik-podjetij.com\/nasveti\/wp-content\/uploads\/2017\/03\/season-1985856_1920.jpg","contentUrl":"https:\/\/www.imenik-podjetij.com\/nasveti\/wp-content\/uploads\/2017\/03\/season-1985856_1920.jpg","width":1920,"height":1373},{"@type":"BreadcrumbList","@id":"https:\/\/www.imenik-podjetij.com\/nasveti\/kako-organizirati-facebook-dogodek\/#breadcrumb","itemListElement":[{"@type":"ListItem","position":1,"name":"Home","item":"https:\/\/www.imenik-podjetij.com\/nasveti\/"},{"@type":"ListItem","position":2,"name":"Kako organizirati Facebook dogodek"}]},{"@type":"WebSite","@id":"https:\/\/www.imenik-podjetij.com\/nasveti\/#website","url":"https:\/\/www.imenik-podjetij.com\/nasveti\/","name":"Ogla\u0161evalski koti\u010dek","description":"Marketin\u0161ki nasveti","publisher":{"@id":"https:\/\/www.imenik-podjetij.com\/nasveti\/#organization"},"potentialAction":[{"@type":"SearchAction","target":{"@type":"EntryPoint","urlTemplate":"https:\/\/www.imenik-podjetij.com\/nasveti\/?s={search_term_string}"},"query-input":{"@type":"PropertyValueSpecification","valueRequired":true,"valueName":"search_term_string"}}],"inLanguage":"sl-SI"},{"@type":"Organization","@id":"https:\/\/www.imenik-podjetij.com\/nasveti\/#organization","name":"Mihov.com spletne storitve d.o.o.","url":"https:\/\/www.imenik-podjetij.com\/nasveti\/","logo":{"@type":"ImageObject","inLanguage":"sl-SI","@id":"https:\/\/www.imenik-podjetij.com\/nasveti\/#\/schema\/logo\/image\/","url":"https:\/\/www.imenik-podjetij.com\/nasveti\/wp-content\/uploads\/2016\/12\/logo2-nov.png","contentUrl":"https:\/\/www.imenik-podjetij.com\/nasveti\/wp-content\/uploads\/2016\/12\/logo2-nov.png","width":359,"height":124,"caption":"Mihov.com spletne storitve d.o.o."},"image":{"@id":"https:\/\/www.imenik-podjetij.com\/nasveti\/#\/schema\/logo\/image\/"}},{"@type":"Person","@id":"https:\/\/www.imenik-podjetij.com\/nasveti\/#\/schema\/person\/3120f1c20855a449ec78cba2b9e10d63","name":"Mojca Frelih","url":"https:\/\/www.imenik-podjetij.com\/nasveti\/author\/mojca\/"}]}},"views":404,"_links":{"self":[{"href":"https:\/\/www.imenik-podjetij.com\/nasveti\/wp-json\/wp\/v2\/posts\/223","targetHints":{"allow":["GET"]}}],"collection":[{"href":"https:\/\/www.imenik-podjetij.com\/nasveti\/wp-json\/wp\/v2\/posts"}],"about":[{"href":"https:\/\/www.imenik-podjetij.com\/nasveti\/wp-json\/wp\/v2\/types\/post"}],"author":[{"embeddable":true,"href":"https:\/\/www.imenik-podjetij.com\/nasveti\/wp-json\/wp\/v2\/users\/2"}],"replies":[{"embeddable":true,"href":"https:\/\/www.imenik-podjetij.com\/nasveti\/wp-json\/wp\/v2\/comments?post=223"}],"version-history":[{"count":0,"href":"https:\/\/www.imenik-podjetij.com\/nasveti\/wp-json\/wp\/v2\/posts\/223\/revisions"}],"wp:featuredmedia":[{"embeddable":true,"href":"https:\/\/www.imenik-podjetij.com\/nasveti\/wp-json\/wp\/v2\/media\/224"}],"wp:attachment":[{"href":"https:\/\/www.imenik-podjetij.com\/nasveti\/wp-json\/wp\/v2\/media?parent=223"}],"wp:term":[{"taxonomy":"category","embeddable":true,"href":"https:\/\/www.imenik-podjetij.com\/nasveti\/wp-json\/wp\/v2\/categories?post=223"},{"taxonomy":"post_tag","embeddable":true,"href":"https:\/\/www.imenik-podjetij.com\/nasveti\/wp-json\/wp\/v2\/tags?post=223"}],"curies":[{"name":"wp","href":"https:\/\/api.w.org\/{rel}","templated":true}]}}